{"id":2149,"date":"2025-03-18T13:40:53","date_gmt":"2025-03-18T12:40:53","guid":{"rendered":"https:\/\/montessori.nl\/professionals\/?p=2149"},"modified":"2025-03-18T13:40:54","modified_gmt":"2025-03-18T12:40:54","slug":"nasleep-van-de-pandemie","status":"publish","type":"post","link":"https:\/\/montessori.nl\/professionals\/2025\/03\/18\/nasleep-van-de-pandemie\/","title":{"rendered":"Nasleep van de pandemie"},"content":{"rendered":"\n<p><em>Symen van der Zee, lector Vernieuwend Onderwijs Saxion<\/em><\/p>\n\n\n\n<p>Nog altijd leren we meer over de impact van de COVID-19 pandemie op jongeren. Een <a href=\"https:\/\/www.nature.com\/articles\/s41598-024-80532-w\">recente studie<\/a> werpt bijvoorbeeld een verontrustend licht op de effecten van de lockdowns op de sociale cognitie van peuters en kleuters.<\/p>\n\n\n\n<p>Sociale cognitie verwijst naar het vermogen om de gedachten, gevoelens en intenties van anderen te begrijpen. Cruciaal onderdeel hiervan is het besef dat anderen overtuigingen kunnen hebben die onjuist zijn, ook wel \u2018false-belief understanding\u2019 genoemd. Dit vermogen ontwikkelt zich tussen 3,5 en 5,5 jaar en speelt een sleutelrol in interacties, samenwerking en leren.<\/p>\n\n\n\n<p>Scott en collega\u2019s (2024) vergeleken in hun studie twee groepen kinderen: \u00e9\u00e9n getest v\u00f3\u00f3r de pandemie en \u00e9\u00e9n getest daarna. De resultaten waren duidelijk: kinderen die na de pandemie werden getest, scoorden beduidend slechter op tests die hun false-belief understanding meten (zie bijvoorbeeld <a href=\"https:\/\/www.youtube.com\/watch?v=8hLubgpY2_w\">hier<\/a>). En erger: dit effect was het sterkst bij kinderen uit gezinnen met een lagere sociaaleconomische status.<\/p>\n\n\n\n<p>De verklaring hiervoor is dat het aantal en de kwaliteit van sociale interacties drastisch verminderde door de pandemie. Minder contact met leeftijdsgenootjes en minder rijke gesprekken met volwassenen, zouden de ontwikkeling van sociale cognitie kunnen hebben vertraagd. Daarnaast nam het schermgebruik toe, wat mogelijk waardevolle sociale leerervaringen verving (zie bijvoorbeeld <a href=\"https:\/\/jamanetwork.com\/journals\/jamapediatrics\/fullarticle\/2821940?guestAccessKey=d9ef3589-dc0a-4a60-8704-9cfabb94ca76&amp;utm_source=For_The_Media&amp;utm_medium=referral&amp;utm_campaign=ftm_links&amp;utm_content=tfl&amp;utm_term=080524\">hier<\/a>). <\/p>\n\n\n\n<p>Hoewel de pandemie voorbij is, zijn de effecten ervan dus nog volop voelbaar. Deze bevindingen onderstrepen de noodzaak om jonge kinderen te ondersteunen in hun sociale ontwikkeling en het belang van een rijke context hiervoor. Met name voor kinderen uit gezinnen met een lagere sociaaleconomische status. Gelukkig is dit precies wat goed montessorionderwijs het jonge kind biedt.&nbsp;&nbsp;<\/p>\n","protected":false},"excerpt":{"rendered":"<p>Symen van der Zee, lector Vernieuwend Onderwijs Saxion Nog altijd leren we meer over de impact van de COVID-19 pandemie [&hellip;]<\/p>\n","protected":false},"author":8,"featured_media":1509,"comment_status":"closed","ping_status":"closed","sticky":false,"template":"","format":"standard","meta":{"_acf_changed":false,"footnotes":""},"categories":[6],"tags":[],"class_list":["post-2149","post","type-post","status-publish","format-standard","has-post-thumbnail","hentry","category-onderzoek"],"acf":[],"yoast_head":"<!-- This site is optimized with the Yoast SEO plugin v27.5 - https:\/\/yoast.com\/product\/yoast-seo-wordpress\/ -->\n<title>Nasleep van de pandemie - Montessori voor professionals<\/title>\n<meta name=\"robots\" content=\"index, follow, max-snippet:-1, max-image-preview:large, max-video-preview:-1\" \/>\n<link rel=\"canonical\" href=\"https:\/\/montessori.nl\/professionals\/2025\/03\/18\/nasleep-van-de-pandemie\/\" \/>\n<meta property=\"og:locale\" content=\"nl_NL\" \/>\n<meta property=\"og:type\" content=\"article\" \/>\n<meta property=\"og:title\" content=\"Nasleep van de pandemie - Montessori voor professionals\" \/>\n<meta property=\"og:description\" content=\"Symen van der Zee, lector Vernieuwend Onderwijs Saxion Nog altijd leren we meer over de impact van de COVID-19 pandemie [&hellip;]\" \/>\n<meta property=\"og:url\" content=\"https:\/\/montessori.nl\/professionals\/2025\/03\/18\/nasleep-van-de-pandemie\/\" \/>\n<meta property=\"og:site_name\" content=\"Montessori voor professionals\" \/>\n<meta property=\"article:published_time\" content=\"2025-03-18T12:40:53+00:00\" \/>\n<meta property=\"article:modified_time\" content=\"2025-03-18T12:40:54+00:00\" \/>\n<meta property=\"og:image\" content=\"https:\/\/montessori.nl\/professionals\/wp-content\/uploads\/sites\/2\/2024\/05\/Symen1-1620x2430.jpg\" \/>\n\t<meta property=\"og:image:width\" content=\"1620\" \/>\n\t<meta property=\"og:image:height\" content=\"2430\" \/>\n\t<meta property=\"og:image:type\" content=\"image\/jpeg\" \/>\n<meta name=\"author\" content=\"peter\" \/>\n<meta name=\"twitter:card\" content=\"summary_large_image\" \/>\n<meta name=\"twitter:label1\" content=\"Geschreven door\" \/>\n\t<meta name=\"twitter:data1\" content=\"peter\" \/>\n\t<meta name=\"twitter:label2\" content=\"Geschatte leestijd\" \/>\n\t<meta name=\"twitter:data2\" content=\"2 minuten\" \/>\n<script type=\"application\/ld+json\" class=\"yoast-schema-graph\">{\"@context\":\"https:\\\/\\\/schema.org\",\"@graph\":[{\"@type\":\"Article\",\"@id\":\"https:\\\/\\\/montessori.nl\\\/professionals\\\/2025\\\/03\\\/18\\\/nasleep-van-de-pandemie\\\/#article\",\"isPartOf\":{\"@id\":\"https:\\\/\\\/montessori.nl\\\/professionals\\\/2025\\\/03\\\/18\\\/nasleep-van-de-pandemie\\\/\"},\"author\":{\"name\":\"peter\",\"@id\":\"https:\\\/\\\/montessori.nl\\\/professionals\\\/#\\\/schema\\\/person\\\/12b8cae61d0d54dc6b6eec9692b875ff\"},\"headline\":\"Nasleep van de pandemie\",\"datePublished\":\"2025-03-18T12:40:53+00:00\",\"dateModified\":\"2025-03-18T12:40:54+00:00\",\"mainEntityOfPage\":{\"@id\":\"https:\\\/\\\/montessori.nl\\\/professionals\\\/2025\\\/03\\\/18\\\/nasleep-van-de-pandemie\\\/\"},\"wordCount\":270,\"publisher\":{\"@id\":\"https:\\\/\\\/montessori.nl\\\/professionals\\\/#organization\"},\"image\":{\"@id\":\"https:\\\/\\\/montessori.nl\\\/professionals\\\/2025\\\/03\\\/18\\\/nasleep-van-de-pandemie\\\/#primaryimage\"},\"thumbnailUrl\":\"https:\\\/\\\/montessori.nl\\\/professionals\\\/wp-content\\\/uploads\\\/sites\\\/2\\\/2024\\\/05\\\/Symen1.jpg\",\"articleSection\":[\"Onderzoek\"],\"inLanguage\":\"nl-NL\"},{\"@type\":\"WebPage\",\"@id\":\"https:\\\/\\\/montessori.nl\\\/professionals\\\/2025\\\/03\\\/18\\\/nasleep-van-de-pandemie\\\/\",\"url\":\"https:\\\/\\\/montessori.nl\\\/professionals\\\/2025\\\/03\\\/18\\\/nasleep-van-de-pandemie\\\/\",\"name\":\"Nasleep van de pandemie - Montessori voor professionals\",\"isPartOf\":{\"@id\":\"https:\\\/\\\/montessori.nl\\\/professionals\\\/#website\"},\"primaryImageOfPage\":{\"@id\":\"https:\\\/\\\/montessori.nl\\\/professionals\\\/2025\\\/03\\\/18\\\/nasleep-van-de-pandemie\\\/#primaryimage\"},\"image\":{\"@id\":\"https:\\\/\\\/montessori.nl\\\/professionals\\\/2025\\\/03\\\/18\\\/nasleep-van-de-pandemie\\\/#primaryimage\"},\"thumbnailUrl\":\"https:\\\/\\\/montessori.nl\\\/professionals\\\/wp-content\\\/uploads\\\/sites\\\/2\\\/2024\\\/05\\\/Symen1.jpg\",\"datePublished\":\"2025-03-18T12:40:53+00:00\",\"dateModified\":\"2025-03-18T12:40:54+00:00\",\"breadcrumb\":{\"@id\":\"https:\\\/\\\/montessori.nl\\\/professionals\\\/2025\\\/03\\\/18\\\/nasleep-van-de-pandemie\\\/#breadcrumb\"},\"inLanguage\":\"nl-NL\",\"potentialAction\":[{\"@type\":\"ReadAction\",\"target\":[\"https:\\\/\\\/montessori.nl\\\/professionals\\\/2025\\\/03\\\/18\\\/nasleep-van-de-pandemie\\\/\"]}]},{\"@type\":\"ImageObject\",\"inLanguage\":\"nl-NL\",\"@id\":\"https:\\\/\\\/montessori.nl\\\/professionals\\\/2025\\\/03\\\/18\\\/nasleep-van-de-pandemie\\\/#primaryimage\",\"url\":\"https:\\\/\\\/montessori.nl\\\/professionals\\\/wp-content\\\/uploads\\\/sites\\\/2\\\/2024\\\/05\\\/Symen1.jpg\",\"contentUrl\":\"https:\\\/\\\/montessori.nl\\\/professionals\\\/wp-content\\\/uploads\\\/sites\\\/2\\\/2024\\\/05\\\/Symen1.jpg\",\"width\":2362,\"height\":3543},{\"@type\":\"BreadcrumbList\",\"@id\":\"https:\\\/\\\/montessori.nl\\\/professionals\\\/2025\\\/03\\\/18\\\/nasleep-van-de-pandemie\\\/#breadcrumb\",\"itemListElement\":[{\"@type\":\"ListItem\",\"position\":1,\"name\":\"Home\",\"item\":\"https:\\\/\\\/montessori.nl\\\/professionals\\\/\"},{\"@type\":\"ListItem\",\"position\":2,\"name\":\"Nasleep van de pandemie\"}]},{\"@type\":\"WebSite\",\"@id\":\"https:\\\/\\\/montessori.nl\\\/professionals\\\/#website\",\"url\":\"https:\\\/\\\/montessori.nl\\\/professionals\\\/\",\"name\":\"Montessori voor professionals\",\"description\":\"Nederlandse Montessori Vereniging\",\"publisher\":{\"@id\":\"https:\\\/\\\/montessori.nl\\\/professionals\\\/#organization\"},\"potentialAction\":[{\"@type\":\"SearchAction\",\"target\":{\"@type\":\"EntryPoint\",\"urlTemplate\":\"https:\\\/\\\/montessori.nl\\\/professionals\\\/?s={search_term_string}\"},\"query-input\":{\"@type\":\"PropertyValueSpecification\",\"valueRequired\":true,\"valueName\":\"search_term_string\"}}],\"inLanguage\":\"nl-NL\"},{\"@type\":\"Organization\",\"@id\":\"https:\\\/\\\/montessori.nl\\\/professionals\\\/#organization\",\"name\":\"Nederlandse Montessori Vereniging\",\"url\":\"https:\\\/\\\/montessori.nl\\\/professionals\\\/\",\"logo\":{\"@type\":\"ImageObject\",\"inLanguage\":\"nl-NL\",\"@id\":\"https:\\\/\\\/montessori.nl\\\/professionals\\\/#\\\/schema\\\/logo\\\/image\\\/\",\"url\":\"https:\\\/\\\/new.montessori.nl\\\/professionals\\\/wp-content\\\/uploads\\\/sites\\\/2\\\/2024\\\/05\\\/og-image.png\",\"contentUrl\":\"https:\\\/\\\/new.montessori.nl\\\/professionals\\\/wp-content\\\/uploads\\\/sites\\\/2\\\/2024\\\/05\\\/og-image.png\",\"width\":1200,\"height\":1200,\"caption\":\"Nederlandse Montessori Vereniging\"},\"image\":{\"@id\":\"https:\\\/\\\/montessori.nl\\\/professionals\\\/#\\\/schema\\\/logo\\\/image\\\/\"}},{\"@type\":\"Person\",\"@id\":\"https:\\\/\\\/montessori.nl\\\/professionals\\\/#\\\/schema\\\/person\\\/12b8cae61d0d54dc6b6eec9692b875ff\",\"name\":\"peter\"}]}<\/script>\n<!-- \/ Yoast SEO plugin. -->","yoast_head_json":{"title":"Nasleep van de pandemie - Montessori voor professionals","robots":{"index":"index","follow":"follow","max-snippet":"max-snippet:-1","max-image-preview":"max-image-preview:large","max-video-preview":"max-video-preview:-1"},"canonical":"https:\/\/montessori.nl\/professionals\/2025\/03\/18\/nasleep-van-de-pandemie\/","og_locale":"nl_NL","og_type":"article","og_title":"Nasleep van de pandemie - Montessori voor professionals","og_description":"Symen van der Zee, lector Vernieuwend Onderwijs Saxion Nog altijd leren we meer over de impact van de COVID-19 pandemie [&hellip;]","og_url":"https:\/\/montessori.nl\/professionals\/2025\/03\/18\/nasleep-van-de-pandemie\/","og_site_name":"Montessori voor professionals","article_published_time":"2025-03-18T12:40:53+00:00","article_modified_time":"2025-03-18T12:40:54+00:00","og_image":[{"width":1620,"height":2430,"url":"https:\/\/montessori.nl\/professionals\/wp-content\/uploads\/sites\/2\/2024\/05\/Symen1-1620x2430.jpg","type":"image\/jpeg"}],"author":"peter","twitter_card":"summary_large_image","twitter_misc":{"Geschreven door":"peter","Geschatte leestijd":"2 minuten"},"schema":{"@context":"https:\/\/schema.org","@graph":[{"@type":"Article","@id":"https:\/\/montessori.nl\/professionals\/2025\/03\/18\/nasleep-van-de-pandemie\/#article","isPartOf":{"@id":"https:\/\/montessori.nl\/professionals\/2025\/03\/18\/nasleep-van-de-pandemie\/"},"author":{"name":"peter","@id":"https:\/\/montessori.nl\/professionals\/#\/schema\/person\/12b8cae61d0d54dc6b6eec9692b875ff"},"headline":"Nasleep van de pandemie","datePublished":"2025-03-18T12:40:53+00:00","dateModified":"2025-03-18T12:40:54+00:00","mainEntityOfPage":{"@id":"https:\/\/montessori.nl\/professionals\/2025\/03\/18\/nasleep-van-de-pandemie\/"},"wordCount":270,"publisher":{"@id":"https:\/\/montessori.nl\/professionals\/#organization"},"image":{"@id":"https:\/\/montessori.nl\/professionals\/2025\/03\/18\/nasleep-van-de-pandemie\/#primaryimage"},"thumbnailUrl":"https:\/\/montessori.nl\/professionals\/wp-content\/uploads\/sites\/2\/2024\/05\/Symen1.jpg","articleSection":["Onderzoek"],"inLanguage":"nl-NL"},{"@type":"WebPage","@id":"https:\/\/montessori.nl\/professionals\/2025\/03\/18\/nasleep-van-de-pandemie\/","url":"https:\/\/montessori.nl\/professionals\/2025\/03\/18\/nasleep-van-de-pandemie\/","name":"Nasleep van de pandemie - Montessori voor professionals","isPartOf":{"@id":"https:\/\/montessori.nl\/professionals\/#website"},"primaryImageOfPage":{"@id":"https:\/\/montessori.nl\/professionals\/2025\/03\/18\/nasleep-van-de-pandemie\/#primaryimage"},"image":{"@id":"https:\/\/montessori.nl\/professionals\/2025\/03\/18\/nasleep-van-de-pandemie\/#primaryimage"},"thumbnailUrl":"https:\/\/montessori.nl\/professionals\/wp-content\/uploads\/sites\/2\/2024\/05\/Symen1.jpg","datePublished":"2025-03-18T12:40:53+00:00","dateModified":"2025-03-18T12:40:54+00:00","breadcrumb":{"@id":"https:\/\/montessori.nl\/professionals\/2025\/03\/18\/nasleep-van-de-pandemie\/#breadcrumb"},"inLanguage":"nl-NL","potentialAction":[{"@type":"ReadAction","target":["https:\/\/montessori.nl\/professionals\/2025\/03\/18\/nasleep-van-de-pandemie\/"]}]},{"@type":"ImageObject","inLanguage":"nl-NL","@id":"https:\/\/montessori.nl\/professionals\/2025\/03\/18\/nasleep-van-de-pandemie\/#primaryimage","url":"https:\/\/montessori.nl\/professionals\/wp-content\/uploads\/sites\/2\/2024\/05\/Symen1.jpg","contentUrl":"https:\/\/montessori.nl\/professionals\/wp-content\/uploads\/sites\/2\/2024\/05\/Symen1.jpg","width":2362,"height":3543},{"@type":"BreadcrumbList","@id":"https:\/\/montessori.nl\/professionals\/2025\/03\/18\/nasleep-van-de-pandemie\/#breadcrumb","itemListElement":[{"@type":"ListItem","position":1,"name":"Home","item":"https:\/\/montessori.nl\/professionals\/"},{"@type":"ListItem","position":2,"name":"Nasleep van de pandemie"}]},{"@type":"WebSite","@id":"https:\/\/montessori.nl\/professionals\/#website","url":"https:\/\/montessori.nl\/professionals\/","name":"Montessori voor professionals","description":"Nederlandse Montessori Vereniging","publisher":{"@id":"https:\/\/montessori.nl\/professionals\/#organization"},"potentialAction":[{"@type":"SearchAction","target":{"@type":"EntryPoint","urlTemplate":"https:\/\/montessori.nl\/professionals\/?s={search_term_string}"},"query-input":{"@type":"PropertyValueSpecification","valueRequired":true,"valueName":"search_term_string"}}],"inLanguage":"nl-NL"},{"@type":"Organization","@id":"https:\/\/montessori.nl\/professionals\/#organization","name":"Nederlandse Montessori Vereniging","url":"https:\/\/montessori.nl\/professionals\/","logo":{"@type":"ImageObject","inLanguage":"nl-NL","@id":"https:\/\/montessori.nl\/professionals\/#\/schema\/logo\/image\/","url":"https:\/\/new.montessori.nl\/professionals\/wp-content\/uploads\/sites\/2\/2024\/05\/og-image.png","contentUrl":"https:\/\/new.montessori.nl\/professionals\/wp-content\/uploads\/sites\/2\/2024\/05\/og-image.png","width":1200,"height":1200,"caption":"Nederlandse Montessori Vereniging"},"image":{"@id":"https:\/\/montessori.nl\/professionals\/#\/schema\/logo\/image\/"}},{"@type":"Person","@id":"https:\/\/montessori.nl\/professionals\/#\/schema\/person\/12b8cae61d0d54dc6b6eec9692b875ff","name":"peter"}]}},"_links":{"self":[{"href":"https:\/\/montessori.nl\/professionals\/wp-json\/wp\/v2\/posts\/2149","targetHints":{"allow":["GET"]}}],"collection":[{"href":"https:\/\/montessori.nl\/professionals\/wp-json\/wp\/v2\/posts"}],"about":[{"href":"https:\/\/montessori.nl\/professionals\/wp-json\/wp\/v2\/types\/post"}],"author":[{"embeddable":true,"href":"https:\/\/montessori.nl\/professionals\/wp-json\/wp\/v2\/users\/8"}],"replies":[{"embeddable":true,"href":"https:\/\/montessori.nl\/professionals\/wp-json\/wp\/v2\/comments?post=2149"}],"version-history":[{"count":1,"href":"https:\/\/montessori.nl\/professionals\/wp-json\/wp\/v2\/posts\/2149\/revisions"}],"predecessor-version":[{"id":2150,"href":"https:\/\/montessori.nl\/professionals\/wp-json\/wp\/v2\/posts\/2149\/revisions\/2150"}],"wp:featuredmedia":[{"embeddable":true,"href":"https:\/\/montessori.nl\/professionals\/wp-json\/wp\/v2\/media\/1509"}],"wp:attachment":[{"href":"https:\/\/montessori.nl\/professionals\/wp-json\/wp\/v2\/media?parent=2149"}],"wp:term":[{"taxonomy":"category","embeddable":true,"href":"https:\/\/montessori.nl\/professionals\/wp-json\/wp\/v2\/categories?post=2149"},{"taxonomy":"post_tag","embeddable":true,"href":"https:\/\/montessori.nl\/professionals\/wp-json\/wp\/v2\/tags?post=2149"}],"curies":[{"name":"wp","href":"https:\/\/api.w.org\/{rel}","templated":true}]}}