{"id":2352,"date":"2025-10-03T11:43:44","date_gmt":"2025-10-03T09:43:44","guid":{"rendered":"https:\/\/montessori.nl\/professionals\/?p=2352"},"modified":"2025-10-23T14:30:26","modified_gmt":"2025-10-23T12:30:26","slug":"kindcentrum-de-plotter-in-zutphen-introduceert-montessoricafe","status":"publish","type":"post","link":"https:\/\/montessori.nl\/professionals\/2025\/10\/03\/kindcentrum-de-plotter-in-zutphen-introduceert-montessoricafe\/","title":{"rendered":"Kindcentrum\u00a0 De Plotter in Zutphen introduceert &#8220;Montessoricaf\u00e9&#8221;"},"content":{"rendered":"\n<p>Tekst: Petey Peeters<\/p>\n\n\n\n<p>Het idee van een Montessoricaf\u00e9 sluimerde al langer. En dankt zijn ontstaansrecht aan twee factoren. <strong>E\u00e9n<\/strong> Als antwoord op de vraag waarom ouders kiezen voor montessorikindcentrum De Plotter, krijgt het team vaak &#8220;om de fijne sfeer&#8221;<em> <\/em>te horen. En: &#8220;Het gevoel dat je kind hier op de goede plek is. In goede handen is, gezien wordt, zich ontwikkelt, gedijt \u00e9n groeit.&#8221;\u00a0<\/p>\n\n\n\n<p><strong>Twee<\/strong>. Maar de achtergrond hiervan, het gedachtegoed waar die sfeer op stoelt, is misschien minder bekend bij ouders. \u201cW\u00e1t is Montessori? Wat betekent dit in de praktijk? Juist d\u00e1t vraagt om extra tekst en uitleg.\u201d Dus gingen juf Mieke en Rozemarijn hier gezellig over in gesprek met ouders. Op vrijdag 26 september 2025 tijdens \u00e9\u00e9n van de drie Montessoricaf\u00e9s van deze periode.&nbsp;&nbsp;&nbsp;<\/p>\n\n\n\n<p><strong>Zin in<\/strong><\/p>\n\n\n\n<p>Als aftrap lichtten de leerkrachten de achtergrond van Montessori toe. \u2018Als arts observeerde Maria Montessori kinderen. Deed onderzoek en toonde aan dat\u00a0kinderen van nature de kracht en behoefte hebben om te leren. En interesse hebben in de wereld om zich heen. Dit staat dan ook centraal in Montessori\u2019s onderwijsvisie. Al is hier w\u00e9l wat voor nodig. Dit heet in onderwijstermen de &#8220;voorbereide werkomgeving&#8221;. Mieke en Rozemarijn leggen uit dat op een montessorikindcentrum die omgeving aansluit bij de ontwikkelfase waarin het kind zich bevindt. En kinderen uitdaagt om lekker bezig te zijn. <em>\u2018<\/em>Met mooi, natuurlijk materiaal om vast te pakken en uit te proberen. Materiaal, ook, waar ze zelf bij kunnen en zelf kunnen pakken. Uit de lage, open kasten, bijvoorbeeld, die je overal in het kindcentrum terugvindt<em>.\u2019<\/em><\/p>\n\n\n\n<p><strong>Op je handen zitten<\/strong><\/p>\n\n\n\n<p>Wat ook in die voorbereide omgeving hoort, is de rol van de begeleider. Die is er vooral om te observeren. Mieke: &#8220;Je doet letterlijk een stapje terug. Je bent zo min mogelijk &#8220;aanwezig&#8221;. Met materiaal, speciaal door Montessori ontwikkeld, ervaren, ontdekken kinderen z\u00e9lf wat werkt.\u00a0 Of nog even niet lukt. &#8216;Rozemarijn: &#8216;Op zo\u2019n moment springen we niet in met &#8220;Ik doe dit wel even voor je&#8221;. Maar helpen het kind liever op weg met weinig taal, vanuit een bescheiden, coachende rol: &#8220;Zullen we kijken of dit ook anders kan?&#8221;\u2019<\/p>\n\n\n\n<p><strong>Van en met elkaar<\/strong><\/p>\n\n\n\n<p>Ook montessori: in de groepen zitten kinderen van verschillende leeftijden bij elkaar. &#8216;Zo leren ze van en met elkaar. Als oudste ervaar je wat het is om de ander te helpen. Als jongste ontdek je wat het betekent als de ander jou op weg helpt. Je leert dat je vragen kan stellen.&#8217;<\/p>\n\n\n\n<p><strong>Hagelslag&nbsp;<\/strong><\/p>\n\n\n\n<p>W\u00e1t van montessori, welke input van het kindcentrum, kan ook thuis ingezet worden? Zodat de school en opvangsituatie een vervolg krijgt thuis. En omgekeerd?&nbsp; Marieke en Rozemarijn maken dit duidelijk met stellingen.&nbsp;<\/p>\n\n\n\n<p>Stelling: <strong>Een taak thuis zorgt ervoor dat je kind groeit in verantwoordelijkheid.<\/strong> \u2018Klopt,&#8217; geeft een ouder aan. \u2018Ons kind heeft er plezier in om de was op te hangen en te helpen met taken in en rondom huis. Al verbaast het ons dan weer dat als \u2018ie \u2019s morgens zijn broodje smeert, losgaat met de hagelslag.\u2019 \u2018Ook hier,&#8217; geven leerkrachten Mieke en Rozemarijn aan, &#8220;speelt de omgeving een belangrijke rol. Soms is het zaak die te begrenzen. In dit geval: bied een schaaltje met hagelslag aan in plaats van een heel pak. Zo komt je kind er stapje-voor-stapje wel.\u2019<\/p>\n\n\n\n<p>Stelling:<strong> Uitgestelde aandacht leert mijn kind rekening te houden met de ander. <\/strong>Ouder:<strong> \u2018<\/strong>Dit herken ik. Al<strong> <\/strong>merk ik dat<strong> <\/strong>dit voor onze dochter niet vanzelfsprekend is. Die kan redelijk dwingend zijn.\u2019 Rozemarijn: \u2018Dit zien we natuurlijk ook in de groep. Wat helpt, is als je even contact maakt. Met een blik, of door even je hand op de schouder te leggen. En zo laat merken dat je er b\u00e9nt, dat het kind gezien is. En dat het andere even kan wachten.\u2019<\/p>\n\n\n\n<p><strong>Delen=fijn<\/strong><\/p>\n\n\n\n<p>Al met al geven ouders aan dat het Montessoricaf\u00e9 een mooie gelegenheid biedt om &#8220;opvoedingsvragen&#8221; te bespreken. \u2018Misschien een groot woord,\u2019 zegt een moeder. \u2018Maar je staat er als ouder best alleen voor. En doet ook maar wat. Toch? Ik vind het delen van idee\u00ebn en suggesties heel helpend. Zeker voor herhaling vatbaar, het Montessoricaf\u00e9.\u2019<\/p>\n","protected":false},"excerpt":{"rendered":"<p>Tekst: Petey Peeters Het idee van een Montessoricaf\u00e9 sluimerde al langer. En dankt zijn ontstaansrecht aan twee factoren. E\u00e9n Als [&hellip;]<\/p>\n","protected":false},"author":8,"featured_media":2351,"comment_status":"closed","ping_status":"closed","sticky":false,"template":"","format":"standard","meta":{"_acf_changed":false,"footnotes":""},"categories":[8],"tags":[],"class_list":["post-2352","post","type-post","status-publish","format-standard","has-post-thumbnail","hentry","category-overig-nieuws"],"acf":[],"yoast_head":"<!-- This site is optimized with the Yoast SEO plugin v27.5 - https:\/\/yoast.com\/product\/yoast-seo-wordpress\/ -->\n<title>Kindcentrum\u00a0 De Plotter in Zutphen introduceert &quot;Montessoricaf\u00e9&quot; - Montessori voor professionals<\/title>\n<meta name=\"robots\" content=\"index, follow, max-snippet:-1, max-image-preview:large, max-video-preview:-1\" \/>\n<link rel=\"canonical\" href=\"https:\/\/montessori.nl\/professionals\/2025\/10\/03\/kindcentrum-de-plotter-in-zutphen-introduceert-montessoricafe\/\" \/>\n<meta property=\"og:locale\" content=\"nl_NL\" \/>\n<meta property=\"og:type\" content=\"article\" \/>\n<meta property=\"og:title\" content=\"Kindcentrum\u00a0 De Plotter in Zutphen introduceert &quot;Montessoricaf\u00e9&quot; - Montessori voor professionals\" \/>\n<meta property=\"og:description\" content=\"Tekst: Petey Peeters Het idee van een Montessoricaf\u00e9 sluimerde al langer. En dankt zijn ontstaansrecht aan twee factoren. E\u00e9n Als [&hellip;]\" \/>\n<meta property=\"og:url\" content=\"https:\/\/montessori.nl\/professionals\/2025\/10\/03\/kindcentrum-de-plotter-in-zutphen-introduceert-montessoricafe\/\" \/>\n<meta property=\"og:site_name\" content=\"Montessori voor professionals\" \/>\n<meta property=\"article:published_time\" content=\"2025-10-03T09:43:44+00:00\" \/>\n<meta property=\"article:modified_time\" content=\"2025-10-23T12:30:26+00:00\" \/>\n<meta property=\"og:image\" content=\"https:\/\/montessori.nl\/professionals\/wp-content\/uploads\/sites\/2\/2025\/10\/artikel-plotter-PP_okt-2025.jpg\" \/>\n\t<meta property=\"og:image:width\" content=\"481\" \/>\n\t<meta property=\"og:image:height\" content=\"640\" \/>\n\t<meta property=\"og:image:type\" content=\"image\/jpeg\" \/>\n<meta name=\"author\" content=\"peter\" \/>\n<meta name=\"twitter:card\" content=\"summary_large_image\" \/>\n<meta name=\"twitter:label1\" content=\"Geschreven door\" \/>\n\t<meta name=\"twitter:data1\" content=\"peter\" \/>\n\t<meta name=\"twitter:label2\" content=\"Geschatte leestijd\" \/>\n\t<meta name=\"twitter:data2\" content=\"4 minuten\" \/>\n<script type=\"application\/ld+json\" class=\"yoast-schema-graph\">{\"@context\":\"https:\\\/\\\/schema.org\",\"@graph\":[{\"@type\":\"Article\",\"@id\":\"https:\\\/\\\/montessori.nl\\\/professionals\\\/2025\\\/10\\\/03\\\/kindcentrum-de-plotter-in-zutphen-introduceert-montessoricafe\\\/#article\",\"isPartOf\":{\"@id\":\"https:\\\/\\\/montessori.nl\\\/professionals\\\/2025\\\/10\\\/03\\\/kindcentrum-de-plotter-in-zutphen-introduceert-montessoricafe\\\/\"},\"author\":{\"name\":\"peter\",\"@id\":\"https:\\\/\\\/montessori.nl\\\/professionals\\\/#\\\/schema\\\/person\\\/12b8cae61d0d54dc6b6eec9692b875ff\"},\"headline\":\"Kindcentrum\u00a0 De Plotter in Zutphen introduceert &#8220;Montessoricaf\u00e9&#8221;\",\"datePublished\":\"2025-10-03T09:43:44+00:00\",\"dateModified\":\"2025-10-23T12:30:26+00:00\",\"mainEntityOfPage\":{\"@id\":\"https:\\\/\\\/montessori.nl\\\/professionals\\\/2025\\\/10\\\/03\\\/kindcentrum-de-plotter-in-zutphen-introduceert-montessoricafe\\\/\"},\"wordCount\":698,\"publisher\":{\"@id\":\"https:\\\/\\\/montessori.nl\\\/professionals\\\/#organization\"},\"image\":{\"@id\":\"https:\\\/\\\/montessori.nl\\\/professionals\\\/2025\\\/10\\\/03\\\/kindcentrum-de-plotter-in-zutphen-introduceert-montessoricafe\\\/#primaryimage\"},\"thumbnailUrl\":\"https:\\\/\\\/montessori.nl\\\/professionals\\\/wp-content\\\/uploads\\\/sites\\\/2\\\/2025\\\/10\\\/artikel-plotter-PP_okt-2025.jpg\",\"articleSection\":[\"Overig nieuws\"],\"inLanguage\":\"nl-NL\"},{\"@type\":\"WebPage\",\"@id\":\"https:\\\/\\\/montessori.nl\\\/professionals\\\/2025\\\/10\\\/03\\\/kindcentrum-de-plotter-in-zutphen-introduceert-montessoricafe\\\/\",\"url\":\"https:\\\/\\\/montessori.nl\\\/professionals\\\/2025\\\/10\\\/03\\\/kindcentrum-de-plotter-in-zutphen-introduceert-montessoricafe\\\/\",\"name\":\"Kindcentrum\u00a0 De Plotter in Zutphen introduceert \\\"Montessoricaf\u00e9\\\" - Montessori voor professionals\",\"isPartOf\":{\"@id\":\"https:\\\/\\\/montessori.nl\\\/professionals\\\/#website\"},\"primaryImageOfPage\":{\"@id\":\"https:\\\/\\\/montessori.nl\\\/professionals\\\/2025\\\/10\\\/03\\\/kindcentrum-de-plotter-in-zutphen-introduceert-montessoricafe\\\/#primaryimage\"},\"image\":{\"@id\":\"https:\\\/\\\/montessori.nl\\\/professionals\\\/2025\\\/10\\\/03\\\/kindcentrum-de-plotter-in-zutphen-introduceert-montessoricafe\\\/#primaryimage\"},\"thumbnailUrl\":\"https:\\\/\\\/montessori.nl\\\/professionals\\\/wp-content\\\/uploads\\\/sites\\\/2\\\/2025\\\/10\\\/artikel-plotter-PP_okt-2025.jpg\",\"datePublished\":\"2025-10-03T09:43:44+00:00\",\"dateModified\":\"2025-10-23T12:30:26+00:00\",\"breadcrumb\":{\"@id\":\"https:\\\/\\\/montessori.nl\\\/professionals\\\/2025\\\/10\\\/03\\\/kindcentrum-de-plotter-in-zutphen-introduceert-montessoricafe\\\/#breadcrumb\"},\"inLanguage\":\"nl-NL\",\"potentialAction\":[{\"@type\":\"ReadAction\",\"target\":[\"https:\\\/\\\/montessori.nl\\\/professionals\\\/2025\\\/10\\\/03\\\/kindcentrum-de-plotter-in-zutphen-introduceert-montessoricafe\\\/\"]}]},{\"@type\":\"ImageObject\",\"inLanguage\":\"nl-NL\",\"@id\":\"https:\\\/\\\/montessori.nl\\\/professionals\\\/2025\\\/10\\\/03\\\/kindcentrum-de-plotter-in-zutphen-introduceert-montessoricafe\\\/#primaryimage\",\"url\":\"https:\\\/\\\/montessori.nl\\\/professionals\\\/wp-content\\\/uploads\\\/sites\\\/2\\\/2025\\\/10\\\/artikel-plotter-PP_okt-2025.jpg\",\"contentUrl\":\"https:\\\/\\\/montessori.nl\\\/professionals\\\/wp-content\\\/uploads\\\/sites\\\/2\\\/2025\\\/10\\\/artikel-plotter-PP_okt-2025.jpg\",\"width\":481,\"height\":640},{\"@type\":\"BreadcrumbList\",\"@id\":\"https:\\\/\\\/montessori.nl\\\/professionals\\\/2025\\\/10\\\/03\\\/kindcentrum-de-plotter-in-zutphen-introduceert-montessoricafe\\\/#breadcrumb\",\"itemListElement\":[{\"@type\":\"ListItem\",\"position\":1,\"name\":\"Home\",\"item\":\"https:\\\/\\\/montessori.nl\\\/professionals\\\/\"},{\"@type\":\"ListItem\",\"position\":2,\"name\":\"Kindcentrum\u00a0 De Plotter in Zutphen introduceert &#8220;Montessoricaf\u00e9&#8221;\"}]},{\"@type\":\"WebSite\",\"@id\":\"https:\\\/\\\/montessori.nl\\\/professionals\\\/#website\",\"url\":\"https:\\\/\\\/montessori.nl\\\/professionals\\\/\",\"name\":\"Montessori voor professionals\",\"description\":\"Nederlandse Montessori Vereniging\",\"publisher\":{\"@id\":\"https:\\\/\\\/montessori.nl\\\/professionals\\\/#organization\"},\"potentialAction\":[{\"@type\":\"SearchAction\",\"target\":{\"@type\":\"EntryPoint\",\"urlTemplate\":\"https:\\\/\\\/montessori.nl\\\/professionals\\\/?s={search_term_string}\"},\"query-input\":{\"@type\":\"PropertyValueSpecification\",\"valueRequired\":true,\"valueName\":\"search_term_string\"}}],\"inLanguage\":\"nl-NL\"},{\"@type\":\"Organization\",\"@id\":\"https:\\\/\\\/montessori.nl\\\/professionals\\\/#organization\",\"name\":\"Nederlandse Montessori Vereniging\",\"url\":\"https:\\\/\\\/montessori.nl\\\/professionals\\\/\",\"logo\":{\"@type\":\"ImageObject\",\"inLanguage\":\"nl-NL\",\"@id\":\"https:\\\/\\\/montessori.nl\\\/professionals\\\/#\\\/schema\\\/logo\\\/image\\\/\",\"url\":\"https:\\\/\\\/new.montessori.nl\\\/professionals\\\/wp-content\\\/uploads\\\/sites\\\/2\\\/2024\\\/05\\\/og-image.png\",\"contentUrl\":\"https:\\\/\\\/new.montessori.nl\\\/professionals\\\/wp-content\\\/uploads\\\/sites\\\/2\\\/2024\\\/05\\\/og-image.png\",\"width\":1200,\"height\":1200,\"caption\":\"Nederlandse Montessori Vereniging\"},\"image\":{\"@id\":\"https:\\\/\\\/montessori.nl\\\/professionals\\\/#\\\/schema\\\/logo\\\/image\\\/\"}},{\"@type\":\"Person\",\"@id\":\"https:\\\/\\\/montessori.nl\\\/professionals\\\/#\\\/schema\\\/person\\\/12b8cae61d0d54dc6b6eec9692b875ff\",\"name\":\"peter\"}]}<\/script>\n<!-- \/ Yoast SEO plugin. -->","yoast_head_json":{"title":"Kindcentrum\u00a0 De Plotter in Zutphen introduceert \"Montessoricaf\u00e9\" - Montessori voor professionals","robots":{"index":"index","follow":"follow","max-snippet":"max-snippet:-1","max-image-preview":"max-image-preview:large","max-video-preview":"max-video-preview:-1"},"canonical":"https:\/\/montessori.nl\/professionals\/2025\/10\/03\/kindcentrum-de-plotter-in-zutphen-introduceert-montessoricafe\/","og_locale":"nl_NL","og_type":"article","og_title":"Kindcentrum\u00a0 De Plotter in Zutphen introduceert \"Montessoricaf\u00e9\" - Montessori voor professionals","og_description":"Tekst: Petey Peeters Het idee van een Montessoricaf\u00e9 sluimerde al langer. En dankt zijn ontstaansrecht aan twee factoren. E\u00e9n Als [&hellip;]","og_url":"https:\/\/montessori.nl\/professionals\/2025\/10\/03\/kindcentrum-de-plotter-in-zutphen-introduceert-montessoricafe\/","og_site_name":"Montessori voor professionals","article_published_time":"2025-10-03T09:43:44+00:00","article_modified_time":"2025-10-23T12:30:26+00:00","og_image":[{"width":481,"height":640,"url":"https:\/\/montessori.nl\/professionals\/wp-content\/uploads\/sites\/2\/2025\/10\/artikel-plotter-PP_okt-2025.jpg","type":"image\/jpeg"}],"author":"peter","twitter_card":"summary_large_image","twitter_misc":{"Geschreven door":"peter","Geschatte leestijd":"4 minuten"},"schema":{"@context":"https:\/\/schema.org","@graph":[{"@type":"Article","@id":"https:\/\/montessori.nl\/professionals\/2025\/10\/03\/kindcentrum-de-plotter-in-zutphen-introduceert-montessoricafe\/#article","isPartOf":{"@id":"https:\/\/montessori.nl\/professionals\/2025\/10\/03\/kindcentrum-de-plotter-in-zutphen-introduceert-montessoricafe\/"},"author":{"name":"peter","@id":"https:\/\/montessori.nl\/professionals\/#\/schema\/person\/12b8cae61d0d54dc6b6eec9692b875ff"},"headline":"Kindcentrum\u00a0 De Plotter in Zutphen introduceert &#8220;Montessoricaf\u00e9&#8221;","datePublished":"2025-10-03T09:43:44+00:00","dateModified":"2025-10-23T12:30:26+00:00","mainEntityOfPage":{"@id":"https:\/\/montessori.nl\/professionals\/2025\/10\/03\/kindcentrum-de-plotter-in-zutphen-introduceert-montessoricafe\/"},"wordCount":698,"publisher":{"@id":"https:\/\/montessori.nl\/professionals\/#organization"},"image":{"@id":"https:\/\/montessori.nl\/professionals\/2025\/10\/03\/kindcentrum-de-plotter-in-zutphen-introduceert-montessoricafe\/#primaryimage"},"thumbnailUrl":"https:\/\/montessori.nl\/professionals\/wp-content\/uploads\/sites\/2\/2025\/10\/artikel-plotter-PP_okt-2025.jpg","articleSection":["Overig nieuws"],"inLanguage":"nl-NL"},{"@type":"WebPage","@id":"https:\/\/montessori.nl\/professionals\/2025\/10\/03\/kindcentrum-de-plotter-in-zutphen-introduceert-montessoricafe\/","url":"https:\/\/montessori.nl\/professionals\/2025\/10\/03\/kindcentrum-de-plotter-in-zutphen-introduceert-montessoricafe\/","name":"Kindcentrum\u00a0 De Plotter in Zutphen introduceert \"Montessoricaf\u00e9\" - Montessori voor professionals","isPartOf":{"@id":"https:\/\/montessori.nl\/professionals\/#website"},"primaryImageOfPage":{"@id":"https:\/\/montessori.nl\/professionals\/2025\/10\/03\/kindcentrum-de-plotter-in-zutphen-introduceert-montessoricafe\/#primaryimage"},"image":{"@id":"https:\/\/montessori.nl\/professionals\/2025\/10\/03\/kindcentrum-de-plotter-in-zutphen-introduceert-montessoricafe\/#primaryimage"},"thumbnailUrl":"https:\/\/montessori.nl\/professionals\/wp-content\/uploads\/sites\/2\/2025\/10\/artikel-plotter-PP_okt-2025.jpg","datePublished":"2025-10-03T09:43:44+00:00","dateModified":"2025-10-23T12:30:26+00:00","breadcrumb":{"@id":"https:\/\/montessori.nl\/professionals\/2025\/10\/03\/kindcentrum-de-plotter-in-zutphen-introduceert-montessoricafe\/#breadcrumb"},"inLanguage":"nl-NL","potentialAction":[{"@type":"ReadAction","target":["https:\/\/montessori.nl\/professionals\/2025\/10\/03\/kindcentrum-de-plotter-in-zutphen-introduceert-montessoricafe\/"]}]},{"@type":"ImageObject","inLanguage":"nl-NL","@id":"https:\/\/montessori.nl\/professionals\/2025\/10\/03\/kindcentrum-de-plotter-in-zutphen-introduceert-montessoricafe\/#primaryimage","url":"https:\/\/montessori.nl\/professionals\/wp-content\/uploads\/sites\/2\/2025\/10\/artikel-plotter-PP_okt-2025.jpg","contentUrl":"https:\/\/montessori.nl\/professionals\/wp-content\/uploads\/sites\/2\/2025\/10\/artikel-plotter-PP_okt-2025.jpg","width":481,"height":640},{"@type":"BreadcrumbList","@id":"https:\/\/montessori.nl\/professionals\/2025\/10\/03\/kindcentrum-de-plotter-in-zutphen-introduceert-montessoricafe\/#breadcrumb","itemListElement":[{"@type":"ListItem","position":1,"name":"Home","item":"https:\/\/montessori.nl\/professionals\/"},{"@type":"ListItem","position":2,"name":"Kindcentrum\u00a0 De Plotter in Zutphen introduceert &#8220;Montessoricaf\u00e9&#8221;"}]},{"@type":"WebSite","@id":"https:\/\/montessori.nl\/professionals\/#website","url":"https:\/\/montessori.nl\/professionals\/","name":"Montessori voor professionals","description":"Nederlandse Montessori Vereniging","publisher":{"@id":"https:\/\/montessori.nl\/professionals\/#organization"},"potentialAction":[{"@type":"SearchAction","target":{"@type":"EntryPoint","urlTemplate":"https:\/\/montessori.nl\/professionals\/?s={search_term_string}"},"query-input":{"@type":"PropertyValueSpecification","valueRequired":true,"valueName":"search_term_string"}}],"inLanguage":"nl-NL"},{"@type":"Organization","@id":"https:\/\/montessori.nl\/professionals\/#organization","name":"Nederlandse Montessori Vereniging","url":"https:\/\/montessori.nl\/professionals\/","logo":{"@type":"ImageObject","inLanguage":"nl-NL","@id":"https:\/\/montessori.nl\/professionals\/#\/schema\/logo\/image\/","url":"https:\/\/new.montessori.nl\/professionals\/wp-content\/uploads\/sites\/2\/2024\/05\/og-image.png","contentUrl":"https:\/\/new.montessori.nl\/professionals\/wp-content\/uploads\/sites\/2\/2024\/05\/og-image.png","width":1200,"height":1200,"caption":"Nederlandse Montessori Vereniging"},"image":{"@id":"https:\/\/montessori.nl\/professionals\/#\/schema\/logo\/image\/"}},{"@type":"Person","@id":"https:\/\/montessori.nl\/professionals\/#\/schema\/person\/12b8cae61d0d54dc6b6eec9692b875ff","name":"peter"}]}},"_links":{"self":[{"href":"https:\/\/montessori.nl\/professionals\/wp-json\/wp\/v2\/posts\/2352","targetHints":{"allow":["GET"]}}],"collection":[{"href":"https:\/\/montessori.nl\/professionals\/wp-json\/wp\/v2\/posts"}],"about":[{"href":"https:\/\/montessori.nl\/professionals\/wp-json\/wp\/v2\/types\/post"}],"author":[{"embeddable":true,"href":"https:\/\/montessori.nl\/professionals\/wp-json\/wp\/v2\/users\/8"}],"replies":[{"embeddable":true,"href":"https:\/\/montessori.nl\/professionals\/wp-json\/wp\/v2\/comments?post=2352"}],"version-history":[{"count":11,"href":"https:\/\/montessori.nl\/professionals\/wp-json\/wp\/v2\/posts\/2352\/revisions"}],"predecessor-version":[{"id":2397,"href":"https:\/\/montessori.nl\/professionals\/wp-json\/wp\/v2\/posts\/2352\/revisions\/2397"}],"wp:featuredmedia":[{"embeddable":true,"href":"https:\/\/montessori.nl\/professionals\/wp-json\/wp\/v2\/media\/2351"}],"wp:attachment":[{"href":"https:\/\/montessori.nl\/professionals\/wp-json\/wp\/v2\/media?parent=2352"}],"wp:term":[{"taxonomy":"category","embeddable":true,"href":"https:\/\/montessori.nl\/professionals\/wp-json\/wp\/v2\/categories?post=2352"},{"taxonomy":"post_tag","embeddable":true,"href":"https:\/\/montessori.nl\/professionals\/wp-json\/wp\/v2\/tags?post=2352"}],"curies":[{"name":"wp","href":"https:\/\/api.w.org\/{rel}","templated":true}]}}